{"id":4507,"date":"2024-12-10T11:48:10","date_gmt":"2024-12-10T11:48:10","guid":{"rendered":"https:\/\/www.greenopoli.it\/home\/?p=4507"},"modified":"2024-12-14T15:59:52","modified_gmt":"2024-12-14T15:59:52","slug":"presentazione-del-libro-tuttu-cia-a-cura-del-parco-del-partenio","status":"publish","type":"post","link":"https:\/\/www.greenopoli.it\/home\/presentazione-del-libro-tuttu-cia-a-cura-del-parco-del-partenio\/","title":{"rendered":"Presentazione del libro &#8220;T\u00f9ttu-ci\u00e0&#8221; a cura del Parco del Partenio"},"content":{"rendered":"<p>13 dicembre 2024 &#x23f0; Dalle ore 18:00<br \/>\nCentro Sociale &#8211; Starze di Summonte<\/p>\n<p>&#x2728; Il <strong>Parco del Partenio<\/strong>, in collaborazione con il comitato &#8220;<strong>Starze in Festa<\/strong>&#8220;, vi invita a una serata indimenticabile dedicata alla tradizione, alla cultura e alla scoperta delle bellezze del nostro territorio, in occasione della !<\/p>\n<p><strong>Viaggio in montagna con i visori 3D del Parco<\/strong><\/p>\n<p>Si partir\u00e0 con un\u2019esperienza immersiva e unica: un viaggio emozionante alla scoperta delle nostre montagne, da vivere con la magia della tecnologia!<\/p>\n<h1><span style=\"color: #339966;\"><strong>Presentazione del Libro &#8220;T\u00f9ttu-ci\u00e0&#8221; di Giovanni De Feo<\/strong><\/span><\/h1>\n<h2><strong><span style=\"color: #339966;\">Proseguiremo con la presentazione di un bel libro che parla di ambiente e sostenibilit\u00e0, per riflettere insieme sul nostro rapporto con la natura.<\/span><\/strong><\/h2>\n<div class=\"x11i5rnm xat24cr x1mh8g0r x1vvkbs xtlvy1s x126k92a\">\n<div dir=\"auto\"><\/div>\n<\/div>\n<div class=\"x11i5rnm xat24cr x1mh8g0r x1vvkbs xtlvy1s x126k92a\">\n<div dir=\"auto\"><span class=\"html-span xexx8yu x4uap5 x18d9i69 xkhd6sd x1hl2dhg x16tdsg8 x1vvkbs x3nfvp2 x1j61x8r x1fcty0u xdj266r xat24cr xgzva0m xhhsvwb xxymvpz xlup9mm x1kky2od\"><img loading=\"lazy\" decoding=\"async\" class=\"xz74otr\" src=\"https:\/\/static.xx.fbcdn.net\/images\/emoji.php\/v9\/t7e\/1\/16\/1f3a4.png\" alt=\"\" width=\"16\" height=\"16\" \/><\/span> Saluti istituzionali:<\/div>\n<\/div>\n<div class=\"x11i5rnm xat24cr x1mh8g0r x1vvkbs xtlvy1s x126k92a\">\n<div dir=\"auto\"><strong>Francesco Iovino<\/strong> \u2013 Presidente del Parco del Partenio<\/div>\n<div dir=\"auto\"><strong>Ivo Capone<\/strong> \u2013 Sindaco di Summonte<\/div>\n<\/div>\n<div class=\"x11i5rnm xat24cr x1mh8g0r x1vvkbs xtlvy1s x126k92a\">\n<div dir=\"auto\"><span class=\"html-span xexx8yu x4uap5 x18d9i69 xkhd6sd x1hl2dhg x16tdsg8 x1vvkbs x3nfvp2 x1j61x8r x1fcty0u xdj266r xat24cr xgzva0m xhhsvwb xxymvpz xlup9mm x1kky2od\"><img loading=\"lazy\" decoding=\"async\" class=\"xz74otr\" src=\"https:\/\/static.xx.fbcdn.net\/images\/emoji.php\/v9\/t2b\/1\/16\/1f399.png\" alt=\"&#xfe0f;\" width=\"16\" height=\"16\" \/><\/span> Interventi:<\/div>\n<\/div>\n<div class=\"x11i5rnm xat24cr x1mh8g0r x1vvkbs xtlvy1s x126k92a\">\n<div dir=\"auto\"><strong>Luisa Bocciero<\/strong> \u2013 Componente del Comitato Scientifico del Parco<\/div>\n<div dir=\"auto\"><strong>Giovanni De Feo<\/strong> \u2013 Autore del libro<\/div>\n<\/div>\n<div class=\"x11i5rnm xat24cr x1mh8g0r x1vvkbs xtlvy1s x126k92a\">\n<div dir=\"auto\"><span class=\"html-span xexx8yu x4uap5 x18d9i69 xkhd6sd x1hl2dhg x16tdsg8 x1vvkbs x3nfvp2 x1j61x8r x1fcty0u xdj266r xat24cr xgzva0m xhhsvwb xxymvpz xlup9mm x1kky2od\"><img loading=\"lazy\" decoding=\"async\" class=\"xz74otr\" src=\"https:\/\/static.xx.fbcdn.net\/images\/emoji.php\/v9\/t1\/1\/16\/1f3a7.png\" alt=\"\" width=\"16\" height=\"16\" \/><\/span> Modera:<\/div>\n<div dir=\"auto\"><strong>Alfredo Picariello<\/strong> \u2013 Giornalista<\/div>\n<\/div>\n<div class=\"x11i5rnm xat24cr x1mh8g0r x1vvkbs xtlvy1s x126k92a\">\n<div dir=\"auto\"><span class=\"html-span xexx8yu x4uap5 x18d9i69 xkhd6sd x1hl2dhg x16tdsg8 x1vvkbs x3nfvp2 x1j61x8r x1fcty0u xdj266r xat24cr xgzva0m xhhsvwb xxymvpz xlup9mm x1kky2od\"><img loading=\"lazy\" decoding=\"async\" class=\"xz74otr\" src=\"https:\/\/static.xx.fbcdn.net\/images\/emoji.php\/v9\/t2d\/1\/16\/1f4cd.png\" alt=\"\" width=\"16\" height=\"16\" \/><\/span> DOVE: Centro Sociale a Starze di Summonte<\/div>\n<div dir=\"auto\"><span class=\"html-span xexx8yu x4uap5 x18d9i69 xkhd6sd x1hl2dhg x16tdsg8 x1vvkbs x3nfvp2 x1j61x8r x1fcty0u xdj266r xat24cr xgzva0m xhhsvwb xxymvpz xlup9mm x1kky2od\"><img loading=\"lazy\" decoding=\"async\" class=\"xz74otr\" src=\"https:\/\/static.xx.fbcdn.net\/images\/emoji.php\/v9\/tae\/1\/16\/1f556.png\" alt=\"\" width=\"16\" height=\"16\" \/><\/span> QUANDO: Venerd\u00ec 13 Dicembre ore 18.00<\/div>\n<\/div>\n<div class=\"x11i5rnm xat24cr x1mh8g0r x1vvkbs xtlvy1s x126k92a\">\n<div dir=\"auto\"><span class=\"html-span xexx8yu x4uap5 x18d9i69 xkhd6sd x1hl2dhg x16tdsg8 x1vvkbs x3nfvp2 x1j61x8r x1fcty0u xdj266r xat24cr xgzva0m xhhsvwb xxymvpz xlup9mm x1kky2od\"><img loading=\"lazy\" decoding=\"async\" class=\"xz74otr\" src=\"https:\/\/static.xx.fbcdn.net\/images\/emoji.php\/v9\/t3f\/1\/16\/1f30d.png\" alt=\"\" width=\"16\" height=\"16\" \/><\/span> Un\u2019occasione per celebrare la tradizione di Santa Lucia guardando al futuro del nostro pianeta!<\/div>\n<\/div>\n<p>&nbsp;<\/p>\n<p><strong>Nascita e racconto dell&#8217;Associazione &#8220;Partenio Natura e Cultura&#8221;<\/strong><br \/>\nUn nuovo progetto che unisce tante associazioni per valorizzare l\u2019Irpinia e il Parco del Partenio, promuovendo il nostro patrimonio naturale e culturale.<\/p>\n<p><strong>Enogastronomia e cultura<\/strong><\/p>\n<p><strong>I cicci di Santa Lucia<\/strong>, raccontati da <strong>Gastarea<\/strong>, saranno i protagonisti della serata.<br \/>\nLaboratorio didattico a cura di per adulti e bambini: imparate a preparare questa prelibatezza della nostra tradizione!<\/p>\n<p><strong>Spettacolo &#8220;Terra e non Guerra&#8221;<\/strong><br \/>\nUn\u2019emozionante performance a cura di <strong>Carmine Nardone<\/strong> e <strong>Eduarda Iscaro<\/strong> che vi porter\u00e0 a riflettere su temi universali e profondi.<\/p>\n<p>Il Parco del Partenio e &#8220;Starze in Festa&#8221; vi aspettano per un evento che unisce tradizione, cultura e innovazione, celebrando l\u2019essenza del nostro territorio. Non mancare!<\/p>\n<p><a href=\"https:\/\/www.greenopoli.it\/home\/wp-content\/uploads\/2024\/12\/470186215_3797739113823689_5661000825335855497_n.jpg\"><img loading=\"lazy\" decoding=\"async\" class=\"size-large wp-image-4555 aligncenter\" src=\"https:\/\/www.greenopoli.it\/home\/wp-content\/uploads\/2024\/12\/470186215_3797739113823689_5661000825335855497_n-1024x768.jpg\" alt=\"\" width=\"734\" height=\"551\" srcset=\"https:\/\/www.greenopoli.it\/home\/wp-content\/uploads\/2024\/12\/470186215_3797739113823689_5661000825335855497_n-1024x768.jpg 1024w, https:\/\/www.greenopoli.it\/home\/wp-content\/uploads\/2024\/12\/470186215_3797739113823689_5661000825335855497_n-300x225.jpg 300w, https:\/\/www.greenopoli.it\/home\/wp-content\/uploads\/2024\/12\/470186215_3797739113823689_5661000825335855497_n-768x576.jpg 768w, https:\/\/www.greenopoli.it\/home\/wp-content\/uploads\/2024\/12\/470186215_3797739113823689_5661000825335855497_n-800x600.jpg 800w, https:\/\/www.greenopoli.it\/home\/wp-content\/uploads\/2024\/12\/470186215_3797739113823689_5661000825335855497_n.jpg 1080w\" sizes=\"auto, (max-width: 734px) 100vw, 734px\" \/><\/a> <a href=\"https:\/\/www.greenopoli.it\/home\/wp-content\/uploads\/2024\/12\/470187830_3797738930490374_6010509524111379146_n.jpg\"><img loading=\"lazy\" decoding=\"async\" class=\"size-large wp-image-4556 aligncenter\" src=\"https:\/\/www.greenopoli.it\/home\/wp-content\/uploads\/2024\/12\/470187830_3797738930490374_6010509524111379146_n-1024x768.jpg\" alt=\"\" width=\"734\" height=\"551\" srcset=\"https:\/\/www.greenopoli.it\/home\/wp-content\/uploads\/2024\/12\/470187830_3797738930490374_6010509524111379146_n-1024x768.jpg 1024w, https:\/\/www.greenopoli.it\/home\/wp-content\/uploads\/2024\/12\/470187830_3797738930490374_6010509524111379146_n-300x225.jpg 300w, https:\/\/www.greenopoli.it\/home\/wp-content\/uploads\/2024\/12\/470187830_3797738930490374_6010509524111379146_n-768x576.jpg 768w, https:\/\/www.greenopoli.it\/home\/wp-content\/uploads\/2024\/12\/470187830_3797738930490374_6010509524111379146_n-800x600.jpg 800w, https:\/\/www.greenopoli.it\/home\/wp-content\/uploads\/2024\/12\/470187830_3797738930490374_6010509524111379146_n.jpg 1080w\" sizes=\"auto, (max-width: 734px) 100vw, 734px\" \/><\/a> <a href=\"https:\/\/www.greenopoli.it\/home\/wp-content\/uploads\/2024\/12\/470200600_3797738950490372_3487044378832256788_n.jpg\"><img loading=\"lazy\" decoding=\"async\" class=\"size-large wp-image-4557 aligncenter\" src=\"https:\/\/www.greenopoli.it\/home\/wp-content\/uploads\/2024\/12\/470200600_3797738950490372_3487044378832256788_n-1024x988.jpg\" alt=\"\" width=\"734\" height=\"708\" srcset=\"https:\/\/www.greenopoli.it\/home\/wp-content\/uploads\/2024\/12\/470200600_3797738950490372_3487044378832256788_n-1024x988.jpg 1024w, https:\/\/www.greenopoli.it\/home\/wp-content\/uploads\/2024\/12\/470200600_3797738950490372_3487044378832256788_n-300x289.jpg 300w, https:\/\/www.greenopoli.it\/home\/wp-content\/uploads\/2024\/12\/470200600_3797738950490372_3487044378832256788_n-768x741.jpg 768w, https:\/\/www.greenopoli.it\/home\/wp-content\/uploads\/2024\/12\/470200600_3797738950490372_3487044378832256788_n.jpg 1080w\" sizes=\"auto, (max-width: 734px) 100vw, 734px\" \/><\/a> <a href=\"https:\/\/www.greenopoli.it\/home\/wp-content\/uploads\/2024\/12\/470205483_3797739063823694_578666512400700521_n.jpg\"><img loading=\"lazy\" decoding=\"async\" class=\"size-large wp-image-4558 aligncenter\" src=\"https:\/\/www.greenopoli.it\/home\/wp-content\/uploads\/2024\/12\/470205483_3797739063823694_578666512400700521_n-1024x768.jpg\" alt=\"\" width=\"734\" height=\"551\" srcset=\"https:\/\/www.greenopoli.it\/home\/wp-content\/uploads\/2024\/12\/470205483_3797739063823694_578666512400700521_n-1024x768.jpg 1024w, https:\/\/www.greenopoli.it\/home\/wp-content\/uploads\/2024\/12\/470205483_3797739063823694_578666512400700521_n-300x225.jpg 300w, https:\/\/www.greenopoli.it\/home\/wp-content\/uploads\/2024\/12\/470205483_3797739063823694_578666512400700521_n-768x576.jpg 768w, https:\/\/www.greenopoli.it\/home\/wp-content\/uploads\/2024\/12\/470205483_3797739063823694_578666512400700521_n-800x600.jpg 800w, https:\/\/www.greenopoli.it\/home\/wp-content\/uploads\/2024\/12\/470205483_3797739063823694_578666512400700521_n.jpg 1080w\" sizes=\"auto, (max-width: 734px) 100vw, 734px\" \/><\/a> <a href=\"https:\/\/www.greenopoli.it\/home\/wp-content\/uploads\/2024\/12\/470222222_3797739103823690_8119456222864231412_n.jpg\"><img loading=\"lazy\" decoding=\"async\" class=\"size-large wp-image-4559 aligncenter\" src=\"https:\/\/www.greenopoli.it\/home\/wp-content\/uploads\/2024\/12\/470222222_3797739103823690_8119456222864231412_n-768x1024.jpg\" alt=\"\" width=\"734\" height=\"979\" srcset=\"https:\/\/www.greenopoli.it\/home\/wp-content\/uploads\/2024\/12\/470222222_3797739103823690_8119456222864231412_n-768x1024.jpg 768w, https:\/\/www.greenopoli.it\/home\/wp-content\/uploads\/2024\/12\/470222222_3797739103823690_8119456222864231412_n-225x300.jpg 225w, https:\/\/www.greenopoli.it\/home\/wp-content\/uploads\/2024\/12\/470222222_3797739103823690_8119456222864231412_n.jpg 1080w\" sizes=\"auto, (max-width: 734px) 100vw, 734px\" \/><\/a><\/p>\n","protected":false},"excerpt":{"rendered":"<p>13 dicembre 2024 &#x23f0; Dalle ore 18:00 Centro Sociale &#8211; Starze di Summonte &#x2728; Il Parco del Partenio, in collaborazione con il comitato &#8220;Starze in Festa&#8220;, vi invita a una serata indimenticabile dedicata alla tradizione, alla cultura e alla scoperta delle bellezze del nostro territorio, in occasione della ! Viaggio in montagna con i visori [&hellip;]<\/p>\n","protected":false},"author":1,"featured_media":4512,"comment_status":"closed","ping_status":"closed","sticky":false,"template":"","format":"standard","meta":{"footnotes":""},"categories":[2],"tags":[37,905,72,1178],"class_list":["post-4507","post","type-post","status-publish","format-standard","has-post-thumbnail","hentry","category-attualita","tag-giovanni-de-feo","tag-parco-del-partenio","tag-summonte","tag-tuttu-cia"],"yoast_head":"<!-- This site is optimized with the Yoast SEO plugin v26.6 - https:\/\/yoast.com\/wordpress\/plugins\/seo\/ -->\n<title>Presentazione del libro &quot;T\u00f9ttu-ci\u00e0&quot; a cura del Parco del Partenio | Greenopoli<\/title>\n<meta name=\"description\" content=\"Presentazione del libro &quot;T\u00f9ttu-ci\u00e0&quot; a cura del Parco del Partenio | Greenopoli\" \/>\n<meta name=\"robots\" content=\"index, follow, max-snippet:-1, max-image-preview:large, max-video-preview:-1\" \/>\n<link rel=\"canonical\" href=\"https:\/\/www.greenopoli.it\/home\/presentazione-del-libro-tuttu-cia-a-cura-del-parco-del-partenio\/\" \/>\n<meta property=\"og:locale\" content=\"it_IT\" \/>\n<meta property=\"og:type\" content=\"article\" \/>\n<meta property=\"og:title\" content=\"Presentazione del libro &quot;T\u00f9ttu-ci\u00e0&quot; a cura del Parco del Partenio | Greenopoli\" \/>\n<meta property=\"og:description\" content=\"Presentazione del libro &quot;T\u00f9ttu-ci\u00e0&quot; a cura del Parco del Partenio | Greenopoli\" \/>\n<meta property=\"og:url\" content=\"https:\/\/www.greenopoli.it\/home\/presentazione-del-libro-tuttu-cia-a-cura-del-parco-del-partenio\/\" \/>\n<meta property=\"og:site_name\" content=\"Greenopoli\" \/>\n<meta property=\"article:publisher\" content=\"https:\/\/www.facebook.com\/greenopoli\/\" \/>\n<meta property=\"article:published_time\" content=\"2024-12-10T11:48:10+00:00\" \/>\n<meta property=\"article:modified_time\" content=\"2024-12-14T15:59:52+00:00\" \/>\n<meta property=\"og:image\" content=\"https:\/\/www.greenopoli.it\/home\/wp-content\/uploads\/2024\/12\/Immagine-WhatsApp-2024-12-10-ore-19.27.00_7defcf77.jpg\" \/>\n\t<meta property=\"og:image:width\" content=\"1131\" \/>\n\t<meta property=\"og:image:height\" content=\"1600\" \/>\n\t<meta property=\"og:image:type\" content=\"image\/jpeg\" \/>\n<meta name=\"author\" content=\"giovannidefeo\" \/>\n<meta name=\"twitter:card\" content=\"summary_large_image\" \/>\n<meta name=\"twitter:creator\" content=\"@Greenopoli\" \/>\n<meta name=\"twitter:site\" content=\"@Greenopoli\" \/>\n<meta name=\"twitter:label1\" content=\"Scritto da\" \/>\n\t<meta name=\"twitter:data1\" content=\"giovannidefeo\" \/>\n\t<meta name=\"twitter:label2\" content=\"Tempo di lettura stimato\" \/>\n\t<meta name=\"twitter:data2\" content=\"4 minuti\" \/>\n<script type=\"application\/ld+json\" class=\"yoast-schema-graph\">{\"@context\":\"https:\/\/schema.org\",\"@graph\":[{\"@type\":\"Article\",\"@id\":\"https:\/\/www.greenopoli.it\/home\/presentazione-del-libro-tuttu-cia-a-cura-del-parco-del-partenio\/#article\",\"isPartOf\":{\"@id\":\"https:\/\/www.greenopoli.it\/home\/presentazione-del-libro-tuttu-cia-a-cura-del-parco-del-partenio\/\"},\"author\":{\"name\":\"giovannidefeo\",\"@id\":\"https:\/\/www.greenopoli.it\/home\/#\/schema\/person\/fcbb437e53cc8f866aa39dc4aae303ea\"},\"headline\":\"Presentazione del libro &#8220;T\u00f9ttu-ci\u00e0&#8221; a cura del Parco del Partenio\",\"datePublished\":\"2024-12-10T11:48:10+00:00\",\"dateModified\":\"2024-12-14T15:59:52+00:00\",\"mainEntityOfPage\":{\"@id\":\"https:\/\/www.greenopoli.it\/home\/presentazione-del-libro-tuttu-cia-a-cura-del-parco-del-partenio\/\"},\"wordCount\":299,\"publisher\":{\"@id\":\"https:\/\/www.greenopoli.it\/home\/#organization\"},\"image\":{\"@id\":\"https:\/\/www.greenopoli.it\/home\/presentazione-del-libro-tuttu-cia-a-cura-del-parco-del-partenio\/#primaryimage\"},\"thumbnailUrl\":\"https:\/\/www.greenopoli.it\/home\/wp-content\/uploads\/2024\/12\/Immagine-WhatsApp-2024-12-10-ore-19.27.00_7defcf77.jpg\",\"keywords\":[\"Giovanni De Feo\",\"Parco del Partenio\",\"Summonte\",\"T\u00f9ttu-ci\u00e0\"],\"articleSection\":[\"Attualit\u00e0\"],\"inLanguage\":\"it-IT\"},{\"@type\":\"WebPage\",\"@id\":\"https:\/\/www.greenopoli.it\/home\/presentazione-del-libro-tuttu-cia-a-cura-del-parco-del-partenio\/\",\"url\":\"https:\/\/www.greenopoli.it\/home\/presentazione-del-libro-tuttu-cia-a-cura-del-parco-del-partenio\/\",\"name\":\"Presentazione del libro \\\"T\u00f9ttu-ci\u00e0\\\" a cura del Parco del Partenio | Greenopoli\",\"isPartOf\":{\"@id\":\"https:\/\/www.greenopoli.it\/home\/#website\"},\"primaryImageOfPage\":{\"@id\":\"https:\/\/www.greenopoli.it\/home\/presentazione-del-libro-tuttu-cia-a-cura-del-parco-del-partenio\/#primaryimage\"},\"image\":{\"@id\":\"https:\/\/www.greenopoli.it\/home\/presentazione-del-libro-tuttu-cia-a-cura-del-parco-del-partenio\/#primaryimage\"},\"thumbnailUrl\":\"https:\/\/www.greenopoli.it\/home\/wp-content\/uploads\/2024\/12\/Immagine-WhatsApp-2024-12-10-ore-19.27.00_7defcf77.jpg\",\"datePublished\":\"2024-12-10T11:48:10+00:00\",\"dateModified\":\"2024-12-14T15:59:52+00:00\",\"description\":\"Presentazione del libro \\\"T\u00f9ttu-ci\u00e0\\\" a cura del Parco del Partenio | Greenopoli\",\"breadcrumb\":{\"@id\":\"https:\/\/www.greenopoli.it\/home\/presentazione-del-libro-tuttu-cia-a-cura-del-parco-del-partenio\/#breadcrumb\"},\"inLanguage\":\"it-IT\",\"potentialAction\":[{\"@type\":\"ReadAction\",\"target\":[\"https:\/\/www.greenopoli.it\/home\/presentazione-del-libro-tuttu-cia-a-cura-del-parco-del-partenio\/\"]}]},{\"@type\":\"ImageObject\",\"inLanguage\":\"it-IT\",\"@id\":\"https:\/\/www.greenopoli.it\/home\/presentazione-del-libro-tuttu-cia-a-cura-del-parco-del-partenio\/#primaryimage\",\"url\":\"https:\/\/www.greenopoli.it\/home\/wp-content\/uploads\/2024\/12\/Immagine-WhatsApp-2024-12-10-ore-19.27.00_7defcf77.jpg\",\"contentUrl\":\"https:\/\/www.greenopoli.it\/home\/wp-content\/uploads\/2024\/12\/Immagine-WhatsApp-2024-12-10-ore-19.27.00_7defcf77.jpg\",\"width\":1131,\"height\":1600},{\"@type\":\"BreadcrumbList\",\"@id\":\"https:\/\/www.greenopoli.it\/home\/presentazione-del-libro-tuttu-cia-a-cura-del-parco-del-partenio\/#breadcrumb\",\"itemListElement\":[{\"@type\":\"ListItem\",\"position\":1,\"name\":\"Home\",\"item\":\"https:\/\/www.greenopoli.it\/home\/\"},{\"@type\":\"ListItem\",\"position\":2,\"name\":\"Presentazione del libro &#8220;T\u00f9ttu-ci\u00e0&#8221; a cura del Parco del Partenio\"}]},{\"@type\":\"WebSite\",\"@id\":\"https:\/\/www.greenopoli.it\/home\/#website\",\"url\":\"https:\/\/www.greenopoli.it\/home\/\",\"name\":\"Greenopoli\",\"description\":\"\",\"publisher\":{\"@id\":\"https:\/\/www.greenopoli.it\/home\/#organization\"},\"alternateName\":\"Greenopoli \u00e8 un progetto di educazione ambientale ideato nel 2006 dal prof. Giovanni De Feo.\",\"potentialAction\":[{\"@type\":\"SearchAction\",\"target\":{\"@type\":\"EntryPoint\",\"urlTemplate\":\"https:\/\/www.greenopoli.it\/home\/?s={search_term_string}\"},\"query-input\":{\"@type\":\"PropertyValueSpecification\",\"valueRequired\":true,\"valueName\":\"search_term_string\"}}],\"inLanguage\":\"it-IT\"},{\"@type\":\"Organization\",\"@id\":\"https:\/\/www.greenopoli.it\/home\/#organization\",\"name\":\"Greenopoli\",\"alternateName\":\"Greenopoli \u00e8 un progetto di educazione ambientale ideato nel 2006 dal prof. Giovanni De Feo.\",\"url\":\"https:\/\/www.greenopoli.it\/home\/\",\"logo\":{\"@type\":\"ImageObject\",\"inLanguage\":\"it-IT\",\"@id\":\"https:\/\/www.greenopoli.it\/home\/#\/schema\/logo\/image\/\",\"url\":\"https:\/\/www.greenopoli.it\/home\/wp-content\/uploads\/2020\/07\/cropped-49648179_2197836260456268_5178396408989876224_n.jpg\",\"contentUrl\":\"https:\/\/www.greenopoli.it\/home\/wp-content\/uploads\/2020\/07\/cropped-49648179_2197836260456268_5178396408989876224_n.jpg\",\"width\":512,\"height\":512,\"caption\":\"Greenopoli\"},\"image\":{\"@id\":\"https:\/\/www.greenopoli.it\/home\/#\/schema\/logo\/image\/\"},\"sameAs\":[\"https:\/\/www.facebook.com\/greenopoli\/\",\"https:\/\/x.com\/Greenopoli\",\"https:\/\/www.instagram.com\/greenopoli\/\"]},{\"@type\":\"Person\",\"@id\":\"https:\/\/www.greenopoli.it\/home\/#\/schema\/person\/fcbb437e53cc8f866aa39dc4aae303ea\",\"name\":\"giovannidefeo\",\"url\":\"https:\/\/www.greenopoli.it\/home\/author\/giovannidefeo\/\"}]}<\/script>\n<!-- \/ Yoast SEO plugin. -->","yoast_head_json":{"title":"Presentazione del libro \"T\u00f9ttu-ci\u00e0\" a cura del Parco del Partenio | Greenopoli","description":"Presentazione del libro \"T\u00f9ttu-ci\u00e0\" a cura del Parco del Partenio | Greenopoli","robots":{"index":"index","follow":"follow","max-snippet":"max-snippet:-1","max-image-preview":"max-image-preview:large","max-video-preview":"max-video-preview:-1"},"canonical":"https:\/\/www.greenopoli.it\/home\/presentazione-del-libro-tuttu-cia-a-cura-del-parco-del-partenio\/","og_locale":"it_IT","og_type":"article","og_title":"Presentazione del libro \"T\u00f9ttu-ci\u00e0\" a cura del Parco del Partenio | Greenopoli","og_description":"Presentazione del libro \"T\u00f9ttu-ci\u00e0\" a cura del Parco del Partenio | Greenopoli","og_url":"https:\/\/www.greenopoli.it\/home\/presentazione-del-libro-tuttu-cia-a-cura-del-parco-del-partenio\/","og_site_name":"Greenopoli","article_publisher":"https:\/\/www.facebook.com\/greenopoli\/","article_published_time":"2024-12-10T11:48:10+00:00","article_modified_time":"2024-12-14T15:59:52+00:00","og_image":[{"width":1131,"height":1600,"url":"https:\/\/www.greenopoli.it\/home\/wp-content\/uploads\/2024\/12\/Immagine-WhatsApp-2024-12-10-ore-19.27.00_7defcf77.jpg","type":"image\/jpeg"}],"author":"giovannidefeo","twitter_card":"summary_large_image","twitter_creator":"@Greenopoli","twitter_site":"@Greenopoli","twitter_misc":{"Scritto da":"giovannidefeo","Tempo di lettura stimato":"4 minuti"},"schema":{"@context":"https:\/\/schema.org","@graph":[{"@type":"Article","@id":"https:\/\/www.greenopoli.it\/home\/presentazione-del-libro-tuttu-cia-a-cura-del-parco-del-partenio\/#article","isPartOf":{"@id":"https:\/\/www.greenopoli.it\/home\/presentazione-del-libro-tuttu-cia-a-cura-del-parco-del-partenio\/"},"author":{"name":"giovannidefeo","@id":"https:\/\/www.greenopoli.it\/home\/#\/schema\/person\/fcbb437e53cc8f866aa39dc4aae303ea"},"headline":"Presentazione del libro &#8220;T\u00f9ttu-ci\u00e0&#8221; a cura del Parco del Partenio","datePublished":"2024-12-10T11:48:10+00:00","dateModified":"2024-12-14T15:59:52+00:00","mainEntityOfPage":{"@id":"https:\/\/www.greenopoli.it\/home\/presentazione-del-libro-tuttu-cia-a-cura-del-parco-del-partenio\/"},"wordCount":299,"publisher":{"@id":"https:\/\/www.greenopoli.it\/home\/#organization"},"image":{"@id":"https:\/\/www.greenopoli.it\/home\/presentazione-del-libro-tuttu-cia-a-cura-del-parco-del-partenio\/#primaryimage"},"thumbnailUrl":"https:\/\/www.greenopoli.it\/home\/wp-content\/uploads\/2024\/12\/Immagine-WhatsApp-2024-12-10-ore-19.27.00_7defcf77.jpg","keywords":["Giovanni De Feo","Parco del Partenio","Summonte","T\u00f9ttu-ci\u00e0"],"articleSection":["Attualit\u00e0"],"inLanguage":"it-IT"},{"@type":"WebPage","@id":"https:\/\/www.greenopoli.it\/home\/presentazione-del-libro-tuttu-cia-a-cura-del-parco-del-partenio\/","url":"https:\/\/www.greenopoli.it\/home\/presentazione-del-libro-tuttu-cia-a-cura-del-parco-del-partenio\/","name":"Presentazione del libro \"T\u00f9ttu-ci\u00e0\" a cura del Parco del Partenio | Greenopoli","isPartOf":{"@id":"https:\/\/www.greenopoli.it\/home\/#website"},"primaryImageOfPage":{"@id":"https:\/\/www.greenopoli.it\/home\/presentazione-del-libro-tuttu-cia-a-cura-del-parco-del-partenio\/#primaryimage"},"image":{"@id":"https:\/\/www.greenopoli.it\/home\/presentazione-del-libro-tuttu-cia-a-cura-del-parco-del-partenio\/#primaryimage"},"thumbnailUrl":"https:\/\/www.greenopoli.it\/home\/wp-content\/uploads\/2024\/12\/Immagine-WhatsApp-2024-12-10-ore-19.27.00_7defcf77.jpg","datePublished":"2024-12-10T11:48:10+00:00","dateModified":"2024-12-14T15:59:52+00:00","description":"Presentazione del libro \"T\u00f9ttu-ci\u00e0\" a cura del Parco del Partenio | Greenopoli","breadcrumb":{"@id":"https:\/\/www.greenopoli.it\/home\/presentazione-del-libro-tuttu-cia-a-cura-del-parco-del-partenio\/#breadcrumb"},"inLanguage":"it-IT","potentialAction":[{"@type":"ReadAction","target":["https:\/\/www.greenopoli.it\/home\/presentazione-del-libro-tuttu-cia-a-cura-del-parco-del-partenio\/"]}]},{"@type":"ImageObject","inLanguage":"it-IT","@id":"https:\/\/www.greenopoli.it\/home\/presentazione-del-libro-tuttu-cia-a-cura-del-parco-del-partenio\/#primaryimage","url":"https:\/\/www.greenopoli.it\/home\/wp-content\/uploads\/2024\/12\/Immagine-WhatsApp-2024-12-10-ore-19.27.00_7defcf77.jpg","contentUrl":"https:\/\/www.greenopoli.it\/home\/wp-content\/uploads\/2024\/12\/Immagine-WhatsApp-2024-12-10-ore-19.27.00_7defcf77.jpg","width":1131,"height":1600},{"@type":"BreadcrumbList","@id":"https:\/\/www.greenopoli.it\/home\/presentazione-del-libro-tuttu-cia-a-cura-del-parco-del-partenio\/#breadcrumb","itemListElement":[{"@type":"ListItem","position":1,"name":"Home","item":"https:\/\/www.greenopoli.it\/home\/"},{"@type":"ListItem","position":2,"name":"Presentazione del libro &#8220;T\u00f9ttu-ci\u00e0&#8221; a cura del Parco del Partenio"}]},{"@type":"WebSite","@id":"https:\/\/www.greenopoli.it\/home\/#website","url":"https:\/\/www.greenopoli.it\/home\/","name":"Greenopoli","description":"","publisher":{"@id":"https:\/\/www.greenopoli.it\/home\/#organization"},"alternateName":"Greenopoli \u00e8 un progetto di educazione ambientale ideato nel 2006 dal prof. Giovanni De Feo.","potentialAction":[{"@type":"SearchAction","target":{"@type":"EntryPoint","urlTemplate":"https:\/\/www.greenopoli.it\/home\/?s={search_term_string}"},"query-input":{"@type":"PropertyValueSpecification","valueRequired":true,"valueName":"search_term_string"}}],"inLanguage":"it-IT"},{"@type":"Organization","@id":"https:\/\/www.greenopoli.it\/home\/#organization","name":"Greenopoli","alternateName":"Greenopoli \u00e8 un progetto di educazione ambientale ideato nel 2006 dal prof. Giovanni De Feo.","url":"https:\/\/www.greenopoli.it\/home\/","logo":{"@type":"ImageObject","inLanguage":"it-IT","@id":"https:\/\/www.greenopoli.it\/home\/#\/schema\/logo\/image\/","url":"https:\/\/www.greenopoli.it\/home\/wp-content\/uploads\/2020\/07\/cropped-49648179_2197836260456268_5178396408989876224_n.jpg","contentUrl":"https:\/\/www.greenopoli.it\/home\/wp-content\/uploads\/2020\/07\/cropped-49648179_2197836260456268_5178396408989876224_n.jpg","width":512,"height":512,"caption":"Greenopoli"},"image":{"@id":"https:\/\/www.greenopoli.it\/home\/#\/schema\/logo\/image\/"},"sameAs":["https:\/\/www.facebook.com\/greenopoli\/","https:\/\/x.com\/Greenopoli","https:\/\/www.instagram.com\/greenopoli\/"]},{"@type":"Person","@id":"https:\/\/www.greenopoli.it\/home\/#\/schema\/person\/fcbb437e53cc8f866aa39dc4aae303ea","name":"giovannidefeo","url":"https:\/\/www.greenopoli.it\/home\/author\/giovannidefeo\/"}]}},"_links":{"self":[{"href":"https:\/\/www.greenopoli.it\/home\/wp-json\/wp\/v2\/posts\/4507","targetHints":{"allow":["GET"]}}],"collection":[{"href":"https:\/\/www.greenopoli.it\/home\/wp-json\/wp\/v2\/posts"}],"about":[{"href":"https:\/\/www.greenopoli.it\/home\/wp-json\/wp\/v2\/types\/post"}],"author":[{"embeddable":true,"href":"https:\/\/www.greenopoli.it\/home\/wp-json\/wp\/v2\/users\/1"}],"replies":[{"embeddable":true,"href":"https:\/\/www.greenopoli.it\/home\/wp-json\/wp\/v2\/comments?post=4507"}],"version-history":[{"count":7,"href":"https:\/\/www.greenopoli.it\/home\/wp-json\/wp\/v2\/posts\/4507\/revisions"}],"predecessor-version":[{"id":4560,"href":"https:\/\/www.greenopoli.it\/home\/wp-json\/wp\/v2\/posts\/4507\/revisions\/4560"}],"wp:featuredmedia":[{"embeddable":true,"href":"https:\/\/www.greenopoli.it\/home\/wp-json\/wp\/v2\/media\/4512"}],"wp:attachment":[{"href":"https:\/\/www.greenopoli.it\/home\/wp-json\/wp\/v2\/media?parent=4507"}],"wp:term":[{"taxonomy":"category","embeddable":true,"href":"https:\/\/www.greenopoli.it\/home\/wp-json\/wp\/v2\/categories?post=4507"},{"taxonomy":"post_tag","embeddable":true,"href":"https:\/\/www.greenopoli.it\/home\/wp-json\/wp\/v2\/tags?post=4507"}],"curies":[{"name":"wp","href":"https:\/\/api.w.org\/{rel}","templated":true}]}}